{"id":1220,"date":"2015-02-22T16:18:28","date_gmt":"2015-02-22T16:18:28","guid":{"rendered":"http:\/\/bourgeois21juillet.be\/?p=1220"},"modified":"2015-02-22T16:18:28","modified_gmt":"2015-02-22T16:18:28","slug":"en-route-pour-ledition-2015","status":"publish","type":"post","link":"https:\/\/bourgeois21juillet.be\/?p=1220","title":{"rendered":"En route pour l&rsquo;\u00e9dition 2015&#8230;"},"content":{"rendered":"Cette ann\u00e9e, les f\u00eates populaires de Bourgeois souffleront leur 15eme bougie...\r\n\r\nA cette occasion, le comit\u00e9 des f\u00eates mettra les petits plats dans les grands et pour ce faire, nous travaillons d\u00e9j\u00e0 d'arrache pied pour garantir une \u00e9dition haute en couleur...\r\n\r\n&nbsp;\r\n\r\nRendez-vous les 19-20 et 21 juillet prochain!\r\n\r\n&nbsp;\r\n\r\nLe comit\u00e9","protected":false},"excerpt":{"rendered":"<p>Cette ann\u00e9e, les f\u00eates populaires de Bourgeois souffleront leur 15eme bougie&#8230; A cette occasion, le comit\u00e9 des f\u00eates mettra les petits plats dans les grands et pour ce faire, nous travaillons d\u00e9j\u00e0 d&rsquo;arrache pied pour garantir une \u00e9dition haute en couleur&#8230; &nbsp; Rendez-vous les 19-20 et 21 juillet prochain! &nbsp; [&hellip;]<\/p>\n","protected":false},"author":1,"featured_media":0,"comment_status":"open","ping_status":"open","sticky":false,"template":"","format":"standard","meta":[],"categories":[1],"tags":[],"_links":{"self":[{"href":"https:\/\/bourgeois21juillet.be\/index.php?rest_route=\/wp\/v2\/posts\/1220"}],"collection":[{"href":"https:\/\/bourgeois21juillet.be\/index.php?rest_route=\/wp\/v2\/posts"}],"about":[{"href":"https:\/\/bourgeois21juillet.be\/index.php?rest_route=\/wp\/v2\/types\/post"}],"author":[{"embeddable":true,"href":"https:\/\/bourgeois21juillet.be\/index.php?rest_route=\/wp\/v2\/users\/1"}],"replies":[{"embeddable":true,"href":"https:\/\/bourgeois21juillet.be\/index.php?rest_route=%2Fwp%2Fv2%2Fcomments&post=1220"}],"version-history":[{"count":1,"href":"https:\/\/bourgeois21juillet.be\/index.php?rest_route=\/wp\/v2\/posts\/1220\/revisions"}],"predecessor-version":[{"id":1221,"href":"https:\/\/bourgeois21juillet.be\/index.php?rest_route=\/wp\/v2\/posts\/1220\/revisions\/1221"}],"wp:attachment":[{"href":"https:\/\/bourgeois21juillet.be\/index.php?rest_route=%2Fwp%2Fv2%2Fmedia&parent=1220"}],"wp:term":[{"taxonomy":"category","embeddable":true,"href":"https:\/\/bourgeois21juillet.be\/index.php?rest_route=%2Fwp%2Fv2%2Fcategories&post=1220"},{"taxonomy":"post_tag","embeddable":true,"href":"https:\/\/bourgeois21juillet.be\/index.php?rest_route=%2Fwp%2Fv2%2Ftags&post=1220"}],"curies":[{"name":"wp","href":"https:\/\/api.w.org\/{rel}","templated":true}]}}