{"id":6867,"date":"2017-07-09T12:20:31","date_gmt":"2017-07-09T12:20:31","guid":{"rendered":"http:\/\/bourgeois21juillet.be\/?p=6867"},"modified":"2017-07-09T12:20:31","modified_gmt":"2017-07-09T12:20:31","slug":"votre-securite-notre-priorite","status":"publish","type":"post","link":"https:\/\/bourgeois21juillet.be\/?p=6867","title":{"rendered":"Votre s\u00e9curit\u00e9, notre priorit\u00e9 !"},"content":{"rendered":"<a href=\"http:\/\/bourgeois21juillet.be\/wp-content\/uploads\/2017\/07\/Bourgeois-2017-sac-a-dos-interdits.jpg\" rel=\"attachment wp-att-6873\"><img class=\"alignnone size-medium wp-image-6873\" src=\"http:\/\/bourgeois21juillet.be\/wp-content\/uploads\/2017\/07\/Bourgeois-2017-sac-a-dos-interdits-300x212.jpg\" alt=\"Bourgeois 2017 - sac a dos interdits\" width=\"300\" height=\"212\" \/><\/a>","protected":false},"excerpt":{"rendered":"","protected":false},"author":1,"featured_media":0,"comment_status":"closed","ping_status":"closed","sticky":false,"template":"","format":"standard","meta":[],"categories":[1],"tags":[],"_links":{"self":[{"href":"https:\/\/bourgeois21juillet.be\/index.php?rest_route=\/wp\/v2\/posts\/6867"}],"collection":[{"href":"https:\/\/bourgeois21juillet.be\/index.php?rest_route=\/wp\/v2\/posts"}],"about":[{"href":"https:\/\/bourgeois21juillet.be\/index.php?rest_route=\/wp\/v2\/types\/post"}],"author":[{"embeddable":true,"href":"https:\/\/bourgeois21juillet.be\/index.php?rest_route=\/wp\/v2\/users\/1"}],"replies":[{"embeddable":true,"href":"https:\/\/bourgeois21juillet.be\/index.php?rest_route=%2Fwp%2Fv2%2Fcomments&post=6867"}],"version-history":[{"count":2,"href":"https:\/\/bourgeois21juillet.be\/index.php?rest_route=\/wp\/v2\/posts\/6867\/revisions"}],"predecessor-version":[{"id":6874,"href":"https:\/\/bourgeois21juillet.be\/index.php?rest_route=\/wp\/v2\/posts\/6867\/revisions\/6874"}],"wp:attachment":[{"href":"https:\/\/bourgeois21juillet.be\/index.php?rest_route=%2Fwp%2Fv2%2Fmedia&parent=6867"}],"wp:term":[{"taxonomy":"category","embeddable":true,"href":"https:\/\/bourgeois21juillet.be\/index.php?rest_route=%2Fwp%2Fv2%2Fcategories&post=6867"},{"taxonomy":"post_tag","embeddable":true,"href":"https:\/\/bourgeois21juillet.be\/index.php?rest_route=%2Fwp%2Fv2%2Ftags&post=6867"}],"curies":[{"name":"wp","href":"https:\/\/api.w.org\/{rel}","templated":true}]}}